{"id":121,"date":"2020-05-11T15:54:50","date_gmt":"2020-05-11T14:54:50","guid":{"rendered":"http:\/\/ijodir.com\/?p=121"},"modified":"2022-07-26T13:26:52","modified_gmt":"2022-07-26T12:26:52","slug":"confere-2020","status":"publish","type":"post","link":"https:\/\/ijodir.com\/index.php\/2020\/05\/11\/confere-2020\/","title":{"rendered":"CONFERE 2020"},"content":{"rendered":"<p><strong><img decoding=\"async\" loading=\"lazy\" class=\"alignnone size-medium wp-image-123\" src=\"http:\/\/ijodir.com\/wp-content\/uploads\/2020\/05\/econfere2020-300x76.jpg\" alt=\"econfere2020\" width=\"300\" height=\"76\" srcset=\"https:\/\/ijodir.com\/wp-content\/uploads\/2020\/05\/econfere2020-300x76.jpg 300w, https:\/\/ijodir.com\/wp-content\/uploads\/2020\/05\/econfere2020-768x195.jpg 768w, https:\/\/ijodir.com\/wp-content\/uploads\/2020\/05\/econfere2020.jpg 975w\" sizes=\"(max-width: 300px) 100vw, 300px\" \/><\/strong><\/p>\n<p><strong>27\u00e8me colloque des Sciences de la conception et de l&rsquo;innovation<\/strong><\/p>\n<p><strong>jeudi 2 et vendredi 3 juillet 2020<\/strong><\/p>\n<p><em><em>En raison des conditions sanitaires li\u00e9es au COVID-19, ce colloque sera r\u00e9alis\u00e9 par visioconf\u00e9rence<\/em><\/em><\/p>\n<p><em><em>\u00a0<\/em><\/em>Le planning de l\u2019appel \u00e0 communication est le suivant :<\/p>\n<p><em>Soumission d&rsquo;un r\u00e9sum\u00e9 \u00e9tendu de moins de 1000 mots :<strong>\u00a020 mai 2020<\/strong><strong><br \/>\n<\/strong><\/em><\/p>\n<p><em>Avis d\u2019acceptation : \u00e0 partir du\u00a0<strong>05 juin 2020<br \/>\n<\/strong><\/em><\/p>\n<p><em>Soumission de l&rsquo;article final :\u00a0<strong>20 juin 2020<\/strong><\/em><\/p>\n<p>Nous vous invitons \u00e0 soumettre votre abstract \u00e0 l&rsquo;adresse :<\/p>\n<p><a title=\"mailto:eCONFERE2020@gmail.com\" href=\"mailto:eCONFERE2020@gmail.com\">eCONFERE2020@gmail.com<\/a><\/p>\n<p>le site de la conf\u00e9rence<\/p>\n<p><a href=\"https:\/\/econfere2020.sciencesconf.org\/\">https:\/\/econfere2020.sciencesconf.org\/<\/a><\/p>\n","protected":false},"excerpt":{"rendered":"<p>27\u00e8me colloque des Sciences de la conception et de l&rsquo;innovation jeudi 2 et vendredi 3 juillet 2020 En raison des conditions sanitaires li\u00e9es au COVID-19, ce colloque sera r\u00e9alis\u00e9 par visioconf\u00e9rence \u00a0Le planning de l\u2019appel \u00e0 communication est le suivant : Soumission d&rsquo;un r\u00e9sum\u00e9 \u00e9tendu de moins de 1000 mots :\u00a020 mai 2020 Avis d\u2019acceptation &#8230; <a class=\"read-more\" href=\"https:\/\/ijodir.com\/index.php\/2020\/05\/11\/confere-2020\/\">Lire la suite<\/a><\/p>\n","protected":false},"author":1,"featured_media":0,"comment_status":"open","ping_status":"open","sticky":false,"template":"","format":"link","meta":[],"categories":[4],"tags":[],"_links":{"self":[{"href":"https:\/\/ijodir.com\/index.php\/wp-json\/wp\/v2\/posts\/121"}],"collection":[{"href":"https:\/\/ijodir.com\/index.php\/wp-json\/wp\/v2\/posts"}],"about":[{"href":"https:\/\/ijodir.com\/index.php\/wp-json\/wp\/v2\/types\/post"}],"author":[{"embeddable":true,"href":"https:\/\/ijodir.com\/index.php\/wp-json\/wp\/v2\/users\/1"}],"replies":[{"embeddable":true,"href":"https:\/\/ijodir.com\/index.php\/wp-json\/wp\/v2\/comments?post=121"}],"version-history":[{"count":4,"href":"https:\/\/ijodir.com\/index.php\/wp-json\/wp\/v2\/posts\/121\/revisions"}],"predecessor-version":[{"id":126,"href":"https:\/\/ijodir.com\/index.php\/wp-json\/wp\/v2\/posts\/121\/revisions\/126"}],"wp:attachment":[{"href":"https:\/\/ijodir.com\/index.php\/wp-json\/wp\/v2\/media?parent=121"}],"wp:term":[{"taxonomy":"category","embeddable":true,"href":"https:\/\/ijodir.com\/index.php\/wp-json\/wp\/v2\/categories?post=121"},{"taxonomy":"post_tag","embeddable":true,"href":"https:\/\/ijodir.com\/index.php\/wp-json\/wp\/v2\/tags?post=121"}],"curies":[{"name":"wp","href":"https:\/\/api.w.org\/{rel}","templated":true}]}}